{"id":7810,"date":"2024-03-19T16:46:59","date_gmt":"2024-03-19T23:46:59","guid":{"rendered":"https:\/\/sdcommunitypower.org\/?p=7810"},"modified":"2025-10-28T16:56:38","modified_gmt":"2025-10-28T23:56:38","slug":"thong-cao-bao-chi-arevon-ky-thoa-thuan-mua-ban-dien-voi-san-diego-community-power-cho-co-so-luu-tru-avocet-cua-minh","status":"publish","type":"post","link":"https:\/\/sdcommunitypower.org\/vi\/press-release-arevon-signs-offtake-agreement-with-san-diego-community-power-for-its-avocet-storage-facility\/","title":{"rendered":"TH\u00d4NG C\u00c1O B\u00c1O CH\u00cd: Arevon k\u00fd k\u1ebft th\u1ecfa thu\u1eadn mua b\u00e1n \u0111i\u1ec7n v\u1edbi San Diego Community Power cho nh\u00e0 m\u00e1y l\u01b0u tr\u1eef n\u0103ng l\u01b0\u1ee3ng Avocet."},"content":{"rendered":"<p><\/p>\n\n\n\n<p>Th\u00e0nh ph\u1ed1 Carson s\u1ebd t\u1ed5 ch\u1ee9c d\u1ef1 \u00e1n n\u0103ng l\u01b0\u1ee3ng s\u1ea1ch c\u00f3 c\u00f4ng su\u1ea5t 200 megawatt v\u00e0 dung l\u01b0\u1ee3ng 800 megawatt-gi\u1edd.<br>\u0110\u1ec3 n\u00e2ng cao \u0111\u1ed9 tin c\u1eady c\u1ee7a l\u01b0\u1edbi \u0111i\u1ec7n \u1edf Nam California.<\/p>\n\n\n\n<p><\/p>\n\n\n\n<p><strong><a href=\"https:\/\/sdcommunitypower.org\/wp-content\/uploads\/2024\/03\/031924-Avocet-Energy-Storage-Service-Agreement-Press-Release_FINAL.pdf\">Xem\/T\u1ea3i xu\u1ed1ng b\u1ea3n tin b\u00e1o ch\u00ed \u0111\u1ea7y \u0111\u1ee7<\/a><\/strong><\/p>","protected":false},"excerpt":{"rendered":"<p>Th\u00e0nh ph\u1ed1 Carson s\u1ebd t\u1ed5 ch\u1ee9c d\u1ef1 \u00e1n n\u0103ng l\u01b0\u1ee3ng s\u1ea1ch c\u00f3 c\u00f4ng su\u1ea5t 200 megawatt\/800 megawatt-gi\u1edd nh\u1eb1m n\u00e2ng cao \u0111\u1ed9 tin c\u1eady c\u1ee7a l\u01b0\u1edbi \u0111i\u1ec7n t\u1ea1i Nam California. Xem\/T\u1ea3i xu\u1ed1ng th\u00f4ng c\u00e1o b\u00e1o ch\u00ed \u0111\u1ea7y \u0111\u1ee7.<\/p>","protected":false},"author":22,"featured_media":7808,"comment_status":"closed","ping_status":"open","sticky":false,"template":"","format":"standard","meta":{"footnotes":""},"categories":[148],"tags":[],"press-releases":[202],"class_list":["post-7810","post","type-post","status-publish","format-standard","has-post-thumbnail","hentry","category-press-releases","press-releases-press-releases-queryable"],"yoast_head":"<!-- This site is optimized with the Yoast SEO Premium plugin v27.4 (Yoast SEO v27.4) - https:\/\/yoast.com\/product\/yoast-seo-premium-wordpress\/ -->\n<title>PRESS RELEASE: Arevon Signs Offtake Agreement with San Diego Community Power for its Avocet Energy Storage Facility - San Diego Community Power<\/title>\n<meta name=\"robots\" content=\"noindex, follow\" \/>\n<meta property=\"og:locale\" content=\"vi_VN\" \/>\n<meta property=\"og:type\" content=\"article\" \/>\n<meta property=\"og:title\" content=\"PRESS RELEASE: Arevon Signs Offtake Agreement with San Diego Community Power for its Avocet Energy Storage Facility\" \/>\n<meta property=\"og:description\" content=\"City of Carson to host 200 megawatt\/800 megawatt-hour clean energy projectto improve grid reliability in Southern California. View\/Download the Complete\" \/>\n<meta property=\"og:url\" content=\"https:\/\/sdcommunitypower.org\/vi\/thong-cao-bao-chi-arevon-ky-thoa-thuan-mua-ban-dien-voi-san-diego-community-power-cho-co-so-luu-tru-avocet-cua-minh\/\" \/>\n<meta property=\"og:site_name\" content=\"San Diego Community Power\" \/>\n<meta property=\"article:published_time\" content=\"2024-03-19T23:46:59+00:00\" \/>\n<meta property=\"article:modified_time\" content=\"2025-10-28T23:56:38+00:00\" \/>\n<meta property=\"og:image\" content=\"https:\/\/sdcommunitypower.org\/wp-content\/uploads\/2024\/03\/Arevon_Condor_1-edit.jpg\" \/>\n\t<meta property=\"og:image:width\" content=\"600\" \/>\n\t<meta property=\"og:image:height\" content=\"293\" \/>\n\t<meta property=\"og:image:type\" content=\"image\/jpeg\" \/>\n<meta name=\"author\" content=\"Jill Monroe\" \/>\n<meta name=\"twitter:card\" content=\"summary_large_image\" \/>\n<meta name=\"twitter:label1\" content=\"\u0110\u01b0\u1ee3c vi\u1ebft b\u1edfi\" \/>\n\t<meta name=\"twitter:data1\" content=\"Jill Monroe\" \/>\n<script type=\"application\/ld+json\" class=\"yoast-schema-graph\">{\"@context\":\"https:\\\/\\\/schema.org\",\"@graph\":[{\"@type\":\"Article\",\"@id\":\"https:\\\/\\\/sdcommunitypower.org\\\/press-release-arevon-signs-offtake-agreement-with-san-diego-community-power-for-its-avocet-storage-facility\\\/#article\",\"isPartOf\":{\"@id\":\"https:\\\/\\\/sdcommunitypower.org\\\/press-release-arevon-signs-offtake-agreement-with-san-diego-community-power-for-its-avocet-storage-facility\\\/\"},\"author\":{\"name\":\"Jill Monroe\",\"@id\":\"https:\\\/\\\/sdcommunitypower.org\\\/#\\\/schema\\\/person\\\/1225afc6270d1789396afc52fe62cc90\"},\"headline\":\"PRESS RELEASE: Arevon Signs Offtake Agreement with San Diego Community Power for its Avocet Energy Storage Facility\",\"datePublished\":\"2024-03-19T23:46:59+00:00\",\"dateModified\":\"2025-10-28T23:56:38+00:00\",\"mainEntityOfPage\":{\"@id\":\"https:\\\/\\\/sdcommunitypower.org\\\/press-release-arevon-signs-offtake-agreement-with-san-diego-community-power-for-its-avocet-storage-facility\\\/\"},\"wordCount\":39,\"publisher\":{\"@id\":\"https:\\\/\\\/sdcommunitypower.org\\\/#organization\"},\"image\":{\"@id\":\"https:\\\/\\\/sdcommunitypower.org\\\/press-release-arevon-signs-offtake-agreement-with-san-diego-community-power-for-its-avocet-storage-facility\\\/#primaryimage\"},\"thumbnailUrl\":\"https:\\\/\\\/sdcommunitypower.org\\\/wp-content\\\/uploads\\\/2024\\\/03\\\/Arevon_Condor_1-edit.jpg\",\"articleSection\":[\"Press Releases\"],\"inLanguage\":\"vi\"},{\"@type\":\"WebPage\",\"@id\":\"https:\\\/\\\/sdcommunitypower.org\\\/press-release-arevon-signs-offtake-agreement-with-san-diego-community-power-for-its-avocet-storage-facility\\\/\",\"url\":\"https:\\\/\\\/sdcommunitypower.org\\\/press-release-arevon-signs-offtake-agreement-with-san-diego-community-power-for-its-avocet-storage-facility\\\/\",\"name\":\"PRESS RELEASE: Arevon Signs Offtake Agreement with San Diego Community Power for its Avocet Energy Storage Facility - San Diego Community Power\",\"isPartOf\":{\"@id\":\"https:\\\/\\\/sdcommunitypower.org\\\/#website\"},\"primaryImageOfPage\":{\"@id\":\"https:\\\/\\\/sdcommunitypower.org\\\/press-release-arevon-signs-offtake-agreement-with-san-diego-community-power-for-its-avocet-storage-facility\\\/#primaryimage\"},\"image\":{\"@id\":\"https:\\\/\\\/sdcommunitypower.org\\\/press-release-arevon-signs-offtake-agreement-with-san-diego-community-power-for-its-avocet-storage-facility\\\/#primaryimage\"},\"thumbnailUrl\":\"https:\\\/\\\/sdcommunitypower.org\\\/wp-content\\\/uploads\\\/2024\\\/03\\\/Arevon_Condor_1-edit.jpg\",\"datePublished\":\"2024-03-19T23:46:59+00:00\",\"dateModified\":\"2025-10-28T23:56:38+00:00\",\"breadcrumb\":{\"@id\":\"https:\\\/\\\/sdcommunitypower.org\\\/press-release-arevon-signs-offtake-agreement-with-san-diego-community-power-for-its-avocet-storage-facility\\\/#breadcrumb\"},\"inLanguage\":\"vi\",\"potentialAction\":[{\"@type\":\"ReadAction\",\"target\":[\"https:\\\/\\\/sdcommunitypower.org\\\/press-release-arevon-signs-offtake-agreement-with-san-diego-community-power-for-its-avocet-storage-facility\\\/\"]}]},{\"@type\":\"ImageObject\",\"inLanguage\":\"vi\",\"@id\":\"https:\\\/\\\/sdcommunitypower.org\\\/press-release-arevon-signs-offtake-agreement-with-san-diego-community-power-for-its-avocet-storage-facility\\\/#primaryimage\",\"url\":\"https:\\\/\\\/sdcommunitypower.org\\\/wp-content\\\/uploads\\\/2024\\\/03\\\/Arevon_Condor_1-edit.jpg\",\"contentUrl\":\"https:\\\/\\\/sdcommunitypower.org\\\/wp-content\\\/uploads\\\/2024\\\/03\\\/Arevon_Condor_1-edit.jpg\",\"width\":600,\"height\":293},{\"@type\":\"BreadcrumbList\",\"@id\":\"https:\\\/\\\/sdcommunitypower.org\\\/press-release-arevon-signs-offtake-agreement-with-san-diego-community-power-for-its-avocet-storage-facility\\\/#breadcrumb\",\"itemListElement\":[{\"@type\":\"ListItem\",\"position\":1,\"name\":\"Home\",\"item\":\"https:\\\/\\\/sdcommunitypower.org\\\/\"},{\"@type\":\"ListItem\",\"position\":2,\"name\":\"PRESS RELEASE: Arevon Signs Offtake Agreement with San Diego Community Power for its Avocet Energy Storage Facility\"}]},{\"@type\":\"WebSite\",\"@id\":\"https:\\\/\\\/sdcommunitypower.org\\\/#website\",\"url\":\"https:\\\/\\\/sdcommunitypower.org\\\/\",\"name\":\"San Diego Community Power\",\"description\":\"Powering a clean, affordable energy future\",\"publisher\":{\"@id\":\"https:\\\/\\\/sdcommunitypower.org\\\/#organization\"},\"potentialAction\":[{\"@type\":\"SearchAction\",\"target\":{\"@type\":\"EntryPoint\",\"urlTemplate\":\"https:\\\/\\\/sdcommunitypower.org\\\/?s={search_term_string}\"},\"query-input\":{\"@type\":\"PropertyValueSpecification\",\"valueRequired\":true,\"valueName\":\"search_term_string\"}}],\"inLanguage\":\"vi\"},{\"@type\":\"Organization\",\"@id\":\"https:\\\/\\\/sdcommunitypower.org\\\/#organization\",\"name\":\"San Diego Community Power\",\"url\":\"https:\\\/\\\/sdcommunitypower.org\\\/\",\"logo\":{\"@type\":\"ImageObject\",\"inLanguage\":\"vi\",\"@id\":\"https:\\\/\\\/sdcommunitypower.org\\\/#\\\/schema\\\/logo\\\/image\\\/\",\"url\":\"https:\\\/\\\/sdcommunitypower.org\\\/wp-content\\\/uploads\\\/2020\\\/12\\\/20-SDCP-0456_BrandSuite_SocialIcons_FNL-01.png\",\"contentUrl\":\"https:\\\/\\\/sdcommunitypower.org\\\/wp-content\\\/uploads\\\/2020\\\/12\\\/20-SDCP-0456_BrandSuite_SocialIcons_FNL-01.png\",\"width\":1000,\"height\":1001,\"caption\":\"San Diego Community Power\"},\"image\":{\"@id\":\"https:\\\/\\\/sdcommunitypower.org\\\/#\\\/schema\\\/logo\\\/image\\\/\"}},{\"@type\":\"Person\",\"@id\":\"https:\\\/\\\/sdcommunitypower.org\\\/#\\\/schema\\\/person\\\/1225afc6270d1789396afc52fe62cc90\",\"name\":\"Jill Monroe\",\"image\":{\"@type\":\"ImageObject\",\"inLanguage\":\"vi\",\"@id\":\"https:\\\/\\\/secure.gravatar.com\\\/avatar\\\/9d91f79fe28b4644559a01678fc8ba31cbbcfe177b66b5aa3c3b1515465541a9?s=96&d=mm&r=g\",\"url\":\"https:\\\/\\\/secure.gravatar.com\\\/avatar\\\/9d91f79fe28b4644559a01678fc8ba31cbbcfe177b66b5aa3c3b1515465541a9?s=96&d=mm&r=g\",\"contentUrl\":\"https:\\\/\\\/secure.gravatar.com\\\/avatar\\\/9d91f79fe28b4644559a01678fc8ba31cbbcfe177b66b5aa3c3b1515465541a9?s=96&d=mm&r=g\",\"caption\":\"Jill Monroe\"}}]}<\/script>\n<!-- \/ Yoast SEO Premium plugin. -->","yoast_head_json":{"title":"TH\u00d4NG C\u00c1O B\u00c1O CH\u00cd: Arevon k\u00fd k\u1ebft th\u1ecfa thu\u1eadn mua b\u00e1n \u0111i\u1ec7n v\u1edbi San Diego Community Power cho nh\u00e0 m\u00e1y l\u01b0u tr\u1eef n\u0103ng l\u01b0\u1ee3ng Avocet - San Diego Community Power","robots":{"index":"noindex","follow":"follow"},"og_locale":"vi_VN","og_type":"article","og_title":"PRESS RELEASE: Arevon Signs Offtake Agreement with San Diego Community Power for its Avocet Energy Storage Facility","og_description":"City of Carson to host 200 megawatt\/800 megawatt-hour clean energy projectto improve grid reliability in Southern California. View\/Download the Complete","og_url":"https:\/\/sdcommunitypower.org\/vi\/thong-cao-bao-chi-arevon-ky-thoa-thuan-mua-ban-dien-voi-san-diego-community-power-cho-co-so-luu-tru-avocet-cua-minh\/","og_site_name":"San Diego Community Power","article_published_time":"2024-03-19T23:46:59+00:00","article_modified_time":"2025-10-28T23:56:38+00:00","og_image":[{"width":600,"height":293,"url":"https:\/\/sdcommunitypower.org\/wp-content\/uploads\/2024\/03\/Arevon_Condor_1-edit.jpg","type":"image\/jpeg"}],"author":"Jill Monroe","twitter_card":"summary_large_image","twitter_misc":{"\u0110\u01b0\u1ee3c vi\u1ebft b\u1edfi":"Jill Monroe"},"schema":{"@context":"https:\/\/schema.org","@graph":[{"@type":"Article","@id":"https:\/\/sdcommunitypower.org\/press-release-arevon-signs-offtake-agreement-with-san-diego-community-power-for-its-avocet-storage-facility\/#article","isPartOf":{"@id":"https:\/\/sdcommunitypower.org\/press-release-arevon-signs-offtake-agreement-with-san-diego-community-power-for-its-avocet-storage-facility\/"},"author":{"name":"Jill Monroe","@id":"https:\/\/sdcommunitypower.org\/#\/schema\/person\/1225afc6270d1789396afc52fe62cc90"},"headline":"PRESS RELEASE: Arevon Signs Offtake Agreement with San Diego Community Power for its Avocet Energy Storage Facility","datePublished":"2024-03-19T23:46:59+00:00","dateModified":"2025-10-28T23:56:38+00:00","mainEntityOfPage":{"@id":"https:\/\/sdcommunitypower.org\/press-release-arevon-signs-offtake-agreement-with-san-diego-community-power-for-its-avocet-storage-facility\/"},"wordCount":39,"publisher":{"@id":"https:\/\/sdcommunitypower.org\/#organization"},"image":{"@id":"https:\/\/sdcommunitypower.org\/press-release-arevon-signs-offtake-agreement-with-san-diego-community-power-for-its-avocet-storage-facility\/#primaryimage"},"thumbnailUrl":"https:\/\/sdcommunitypower.org\/wp-content\/uploads\/2024\/03\/Arevon_Condor_1-edit.jpg","articleSection":["Press Releases"],"inLanguage":"vi"},{"@type":"WebPage","@id":"https:\/\/sdcommunitypower.org\/press-release-arevon-signs-offtake-agreement-with-san-diego-community-power-for-its-avocet-storage-facility\/","url":"https:\/\/sdcommunitypower.org\/press-release-arevon-signs-offtake-agreement-with-san-diego-community-power-for-its-avocet-storage-facility\/","name":"TH\u00d4NG C\u00c1O B\u00c1O CH\u00cd: Arevon k\u00fd k\u1ebft th\u1ecfa thu\u1eadn mua b\u00e1n \u0111i\u1ec7n v\u1edbi San Diego Community Power cho nh\u00e0 m\u00e1y l\u01b0u tr\u1eef n\u0103ng l\u01b0\u1ee3ng Avocet - San Diego Community Power","isPartOf":{"@id":"https:\/\/sdcommunitypower.org\/#website"},"primaryImageOfPage":{"@id":"https:\/\/sdcommunitypower.org\/press-release-arevon-signs-offtake-agreement-with-san-diego-community-power-for-its-avocet-storage-facility\/#primaryimage"},"image":{"@id":"https:\/\/sdcommunitypower.org\/press-release-arevon-signs-offtake-agreement-with-san-diego-community-power-for-its-avocet-storage-facility\/#primaryimage"},"thumbnailUrl":"https:\/\/sdcommunitypower.org\/wp-content\/uploads\/2024\/03\/Arevon_Condor_1-edit.jpg","datePublished":"2024-03-19T23:46:59+00:00","dateModified":"2025-10-28T23:56:38+00:00","breadcrumb":{"@id":"https:\/\/sdcommunitypower.org\/press-release-arevon-signs-offtake-agreement-with-san-diego-community-power-for-its-avocet-storage-facility\/#breadcrumb"},"inLanguage":"vi","potentialAction":[{"@type":"ReadAction","target":["https:\/\/sdcommunitypower.org\/press-release-arevon-signs-offtake-agreement-with-san-diego-community-power-for-its-avocet-storage-facility\/"]}]},{"@type":"ImageObject","inLanguage":"vi","@id":"https:\/\/sdcommunitypower.org\/press-release-arevon-signs-offtake-agreement-with-san-diego-community-power-for-its-avocet-storage-facility\/#primaryimage","url":"https:\/\/sdcommunitypower.org\/wp-content\/uploads\/2024\/03\/Arevon_Condor_1-edit.jpg","contentUrl":"https:\/\/sdcommunitypower.org\/wp-content\/uploads\/2024\/03\/Arevon_Condor_1-edit.jpg","width":600,"height":293},{"@type":"BreadcrumbList","@id":"https:\/\/sdcommunitypower.org\/press-release-arevon-signs-offtake-agreement-with-san-diego-community-power-for-its-avocet-storage-facility\/#breadcrumb","itemListElement":[{"@type":"ListItem","position":1,"name":"Home","item":"https:\/\/sdcommunitypower.org\/"},{"@type":"ListItem","position":2,"name":"PRESS RELEASE: Arevon Signs Offtake Agreement with San Diego Community Power for its Avocet Energy Storage Facility"}]},{"@type":"WebSite","@id":"https:\/\/sdcommunitypower.org\/#website","url":"https:\/\/sdcommunitypower.org\/","name":"San Diego Community Power","description":"Cung c\u1ea5p n\u0103ng l\u01b0\u1ee3ng s\u1ea1ch v\u00e0 gi\u00e1 c\u1ea3 ph\u1ea3i ch\u0103ng cho t\u01b0\u01a1ng lai","publisher":{"@id":"https:\/\/sdcommunitypower.org\/#organization"},"potentialAction":[{"@type":"SearchAction","target":{"@type":"EntryPoint","urlTemplate":"https:\/\/sdcommunitypower.org\/?s={search_term_string}"},"query-input":{"@type":"PropertyValueSpecification","valueRequired":true,"valueName":"search_term_string"}}],"inLanguage":"vi"},{"@type":"Organization","@id":"https:\/\/sdcommunitypower.org\/#organization","name":"San Diego Community Power","url":"https:\/\/sdcommunitypower.org\/","logo":{"@type":"ImageObject","inLanguage":"vi","@id":"https:\/\/sdcommunitypower.org\/#\/schema\/logo\/image\/","url":"https:\/\/sdcommunitypower.org\/wp-content\/uploads\/2020\/12\/20-SDCP-0456_BrandSuite_SocialIcons_FNL-01.png","contentUrl":"https:\/\/sdcommunitypower.org\/wp-content\/uploads\/2020\/12\/20-SDCP-0456_BrandSuite_SocialIcons_FNL-01.png","width":1000,"height":1001,"caption":"San Diego Community Power"},"image":{"@id":"https:\/\/sdcommunitypower.org\/#\/schema\/logo\/image\/"}},{"@type":"Person","@id":"https:\/\/sdcommunitypower.org\/#\/schema\/person\/1225afc6270d1789396afc52fe62cc90","name":"Jill Monroe","image":{"@type":"ImageObject","inLanguage":"vi","@id":"https:\/\/secure.gravatar.com\/avatar\/9d91f79fe28b4644559a01678fc8ba31cbbcfe177b66b5aa3c3b1515465541a9?s=96&d=mm&r=g","url":"https:\/\/secure.gravatar.com\/avatar\/9d91f79fe28b4644559a01678fc8ba31cbbcfe177b66b5aa3c3b1515465541a9?s=96&d=mm&r=g","contentUrl":"https:\/\/secure.gravatar.com\/avatar\/9d91f79fe28b4644559a01678fc8ba31cbbcfe177b66b5aa3c3b1515465541a9?s=96&d=mm&r=g","caption":"Jill Monroe"}}]}},"_links":{"self":[{"href":"https:\/\/sdcommunitypower.org\/vi\/wp-json\/wp\/v2\/posts\/7810","targetHints":{"allow":["GET"]}}],"collection":[{"href":"https:\/\/sdcommunitypower.org\/vi\/wp-json\/wp\/v2\/posts"}],"about":[{"href":"https:\/\/sdcommunitypower.org\/vi\/wp-json\/wp\/v2\/types\/post"}],"author":[{"embeddable":true,"href":"https:\/\/sdcommunitypower.org\/vi\/wp-json\/wp\/v2\/users\/22"}],"replies":[{"embeddable":true,"href":"https:\/\/sdcommunitypower.org\/vi\/wp-json\/wp\/v2\/comments?post=7810"}],"version-history":[{"count":1,"href":"https:\/\/sdcommunitypower.org\/vi\/wp-json\/wp\/v2\/posts\/7810\/revisions"}],"predecessor-version":[{"id":25937,"href":"https:\/\/sdcommunitypower.org\/vi\/wp-json\/wp\/v2\/posts\/7810\/revisions\/25937"}],"wp:featuredmedia":[{"embeddable":true,"href":"https:\/\/sdcommunitypower.org\/vi\/wp-json\/wp\/v2\/media\/7808"}],"wp:attachment":[{"href":"https:\/\/sdcommunitypower.org\/vi\/wp-json\/wp\/v2\/media?parent=7810"}],"wp:term":[{"taxonomy":"category","embeddable":true,"href":"https:\/\/sdcommunitypower.org\/vi\/wp-json\/wp\/v2\/categories?post=7810"},{"taxonomy":"post_tag","embeddable":true,"href":"https:\/\/sdcommunitypower.org\/vi\/wp-json\/wp\/v2\/tags?post=7810"},{"taxonomy":"press-releases","embeddable":true,"href":"https:\/\/sdcommunitypower.org\/vi\/wp-json\/wp\/v2\/press-releases?post=7810"}],"curies":[{"name":"wp","href":"https:\/\/api.w.org\/{rel}","templated":true}]}}